{"id":1573,"date":"2022-10-13T14:31:17","date_gmt":"2022-10-13T12:31:17","guid":{"rendered":"https:\/\/sick-stiftung.org\/rws\/?p=1573"},"modified":"2022-10-13T14:31:17","modified_gmt":"2022-10-13T12:31:17","slug":"10-jahre-jugendkunstparkour-drunter-drueber","status":"publish","type":"post","link":"https:\/\/sick-stiftung.org\/rws\/2022\/10\/13\/10-jahre-jugendkunstparkour-drunter-drueber\/","title":{"rendered":"10 Jahre JugendKunstParkour drunter\/ dr\u00fcber"},"content":{"rendered":"<div class=\"fusion-fullwidth fullwidth-box fusion-builder-row-1 fusion-flex-container nonhundred-percent-fullwidth non-hundred-percent-height-scrolling\" style=\"background-color: rgba(255,255,255,0);background-position: center center;background-repeat: no-repeat;border-width: 0px 0px 0px 0px;border-color:#eae9e9;border-style:solid;\" ><div class=\"fusion-builder-row fusion-row fusion-flex-align-items-flex-start\" style=\"max-width:1144px;margin-left: calc(-4% \/ 2 );margin-right: calc(-4% \/ 2 );\"><div class=\"fusion-layout-column fusion_builder_column fusion-builder-column-0 fusion_builder_column_1_1 1_1 fusion-flex-column\"><div class=\"fusion-column-wrapper fusion-flex-justify-content-flex-start fusion-content-layout-column\" style=\"background-position:left top;background-repeat:no-repeat;-webkit-background-size:cover;-moz-background-size:cover;-o-background-size:cover;background-size:cover;padding: 0px 0px 0px 0px;\"><div class=\"fusion-text fusion-text-1\" style=\"transform:translate3d(0,0,0);\"><p style=\"font-weight: 400;\">Der JugendKunstParkour (JKP) ist ein j\u00e4hrlich stattfindendes Projekt mit verschiedenen Atelierangeboten von Theater \u00fcber Kreatives Schreiben bis hin zu Kunst, das in Begleitung von (Kultur)P\u00e4dagoginnen (Erm\u00f6glicherinnen) von Jugendlichen f\u00fcr Jugendlichen und jungen Menschen organisiert wird. Am Projekt selbst wird durch die junge Organisationsgruppe (Orgateam) ganzj\u00e4hrig gearbeitet, das Atelierangebot f\u00fcr die Teilnehmenden findet meist zwischen Ende M\u00e4rz und Anfang Juli statt.<\/p>\n<p style=\"font-weight: 400;\">Nachdem das Angebot in den letzten beiden Jahren nur sehr eingeschr\u00e4nkt, teilweise nur online, gar nicht oder nur f\u00fcr Kleingruppen stattfinden konnte, gab es in diesem Jahr ein gro\u00dfes, gemeinschaftliches KunstCamp vom 26.-29.05.22 und das Finale Grande am 08. und 09.07.22. Die regelm\u00e4\u00dfigen Ateliers starteten Ende M\u00e4rz und fanden bis Ende Juni\/Anfang Juli regelm\u00e4\u00dfig w\u00f6chentlich statt.<\/p>\n<p style=\"font-weight: 400;\">Von Oktober 2021 bis Juli 2022 fand sich das siebenk\u00f6pfige Orgateam regelm\u00e4\u00dfig fast w\u00f6chentlich zusammen, um gemeinsam durch Begleitung der drei Erm\u00f6glicherinnen den zehnten JKP von Grund auf zu planen.<\/p>\n<p style=\"font-weight: 400;\">In der ersten Phase bedeutete das vor allem die Auswahl eines Mottos (drunter\/dr\u00fcber), die grobe Planung des Gesamtablaufs und Atelierprogramms sowie die Gestaltung des Plakats. Ab Februar ging es dann in die Organisation der internen Kick-Off Veranstaltung, die gemeinsam mit den Atelierleiter*innen Luise Wegner und Wolfgang Ludewig (beide KUNST), Leonard W\u00f6lfl (LICHTKUNST\/VIDEO), Lisann Greiner-Bechert (KOST\u00dcM\/PERFORMANCE), Oliwia H\u00e4lterlein (WORT\/LAUT) und Marcelo Miguel (THEATER\/TANZ) und dem Kurator Julius Martin Humpert Mitte M\u00e4rz stattfand und dem Kennenlernen diente.<\/p>\n<p style=\"font-weight: 400;\">Ende M\u00e4rz starteten sowohl das KUNST- wie auch das WORT\/LAUT-Atelier. Die anderen Ateliers fanden als Blockverantsaltung beim KunstCamp Ende Mai statt. Die Atelierleiter*innen wurden jeweils von ein bis zwei Personen aus der Orgagruppe in der Durchf\u00fchrung der Angebote unterst\u00fctzt. Ein Highlight war das KunstCamp, das nach pandemiebedingter Pause erstmals seit 2019 wieder stattfand: An vier Tagen wurde in den f\u00fcnf Ateliers WORT\/LAUT, LICHTKUNST\/VIDEO, KUNST, KOST\u00dcM\/PERFORMANCE und THEATER\/TANZ kreativ und intensiv gearbeitet. Bei WORT\/LAUT entstanden Textcollagen und Journaling-Experimente im Kontext einer Reflexion der eigenen Identit\u00e4t und Biografie. Erlebtes und Erfahrenes wurde auch bei THEATER\/TANZ in schauspielerischen Szenen und Tanzimprovisationen \u00fcbertragen. Im KUNST-Atelier entstanden die unterschiedlichsten Objekte und Skulpturen, sowie Malereien und Zeichnungen. Bei LICHTKUNST\/VIDEO ging es experimentell zu: Mit Spiegeln, Gl\u00e4sern, Overhead-Projektoren, Schaum und Schwarzlichtfarbe entstanden kleine Videos, Fotos und lichtk\u00fcnstlerische Projektionen, zu denen performt wurde. KOST\u00dcM\/PERFORMANCE legte seinen Schwerpunkt auf das N\u00e4hen und Erstellen von au\u00dfergew\u00f6hnlichen Kost\u00fcmen, die schlie\u00dflich mit passenden Sounds und Projektionen pr\u00e4sentiert wurden.<\/p>\n<p style=\"font-weight: 400;\">Das KunstCamp war au\u00dferdem gepr\u00e4gt von gemeinschaftlichen Aktivit\u00e4ten. In den Pausen wurde gemeinsam gegessen, es gab an jedem Abend ein gemeinsames Lagerfeuer und die unterschiedlichen Ateliers besuchten und unterst\u00fctzen sich gegenseitig, sodass eine wundervolle Atmosph\u00e4re f\u00fcr alle Teilnehmenden entstand und deutlich wurde, wie sehr, genau solche Aktionen mit viel sozialer und k\u00fcnstlerischer Interaktion, in den letzten beiden Jahren gefehlt haben.<\/p>\n<p style=\"font-weight: 400;\">Die letzte organisatorische Phase umfasste schlie\u00dflich im Fr\u00fchsommer die Planung des Finale Grandes. Hier wurde besonders in der Woche vor der Veranstaltung intensiv gearbeitet, um die Ausstellungen, die Lesung, Theaterauff\u00fchrung und Performance wertsch\u00e4tzend und ansprechend im Rahmen des Jubil\u00e4umjahrs zu zeigen. In den R\u00e4umlichkeiten von Kubus\u00b3 e.V. und ArTik e.V. sowie auf dem Hof des Areals konnte schlie\u00dflich an zwei Tagen Junge Kunst in den unterschiedlichsten Formen genossen werden.<\/p>\n<p style=\"font-weight: 400;\">Ein Dokumentationsfilm \u00fcber 10 Jahre JugendKunstParkour entstand und zeigt deutlich wie wichtig es f\u00fcr die Pers\u00f6nlichkeitsbildung junger Menschen ist, sie in ihren kreativen Ideen zu unterst\u00fctzen, und ihnen R\u00e4ume und M\u00f6glichkeiten des Ausprobierens und Gestaltens zu er\u00f6ffnen.<\/p>\n<p style=\"font-weight: 400;\">Freiburg, im September 2022,<\/p>\n<p style=\"font-weight: 400;\">Viola Sinn ( Diplom P\u00e4dagogin)<\/p>\n<\/div><\/div><\/div><style type=\"text\/css\">.fusion-body .fusion-builder-column-0{width:100% !important;margin-top : 0px;margin-bottom : 20px;}.fusion-builder-column-0 > .fusion-column-wrapper {padding-top : 0px !important;padding-right : 0px !important;margin-right : 1.92%;padding-bottom : 0px !important;padding-left : 0px !important;margin-left : 1.92%;}@media only screen and (max-width:1024px) {.fusion-body .fusion-builder-column-0{width:100% !important;order : 0;}.fusion-builder-column-0 > .fusion-column-wrapper {margin-right : 1.92%;margin-left : 1.92%;}}@media only screen and (max-width:640px) {.fusion-body .fusion-builder-column-0{width:100% !important;order : 0;}.fusion-builder-column-0 > .fusion-column-wrapper {margin-right : 1.92%;margin-left : 1.92%;}}<\/style><\/div><style type=\"text\/css\">.fusion-body .fusion-flex-container.fusion-builder-row-1{ padding-top : 0px;margin-top : 0px;padding-right : 0px;padding-bottom : 0px;margin-bottom : 0px;padding-left : 0px;}<\/style><\/div>\n","protected":false},"excerpt":{"rendered":"","protected":false},"author":1,"featured_media":1576,"comment_status":"open","ping_status":"open","sticky":false,"template":"","format":"standard","meta":[],"categories":[1],"tags":[43],"_links":{"self":[{"href":"https:\/\/sick-stiftung.org\/rws\/wp-json\/wp\/v2\/posts\/1573"}],"collection":[{"href":"https:\/\/sick-stiftung.org\/rws\/wp-json\/wp\/v2\/posts"}],"about":[{"href":"https:\/\/sick-stiftung.org\/rws\/wp-json\/wp\/v2\/types\/post"}],"author":[{"embeddable":true,"href":"https:\/\/sick-stiftung.org\/rws\/wp-json\/wp\/v2\/users\/1"}],"replies":[{"embeddable":true,"href":"https:\/\/sick-stiftung.org\/rws\/wp-json\/wp\/v2\/comments?post=1573"}],"version-history":[{"count":2,"href":"https:\/\/sick-stiftung.org\/rws\/wp-json\/wp\/v2\/posts\/1573\/revisions"}],"predecessor-version":[{"id":1606,"href":"https:\/\/sick-stiftung.org\/rws\/wp-json\/wp\/v2\/posts\/1573\/revisions\/1606"}],"wp:featuredmedia":[{"embeddable":true,"href":"https:\/\/sick-stiftung.org\/rws\/wp-json\/wp\/v2\/media\/1576"}],"wp:attachment":[{"href":"https:\/\/sick-stiftung.org\/rws\/wp-json\/wp\/v2\/media?parent=1573"}],"wp:term":[{"taxonomy":"category","embeddable":true,"href":"https:\/\/sick-stiftung.org\/rws\/wp-json\/wp\/v2\/categories?post=1573"},{"taxonomy":"post_tag","embeddable":true,"href":"https:\/\/sick-stiftung.org\/rws\/wp-json\/wp\/v2\/tags?post=1573"}],"curies":[{"name":"wp","href":"https:\/\/api.w.org\/{rel}","templated":true}]}}